{"id":7427,"date":"2024-05-01T15:25:00","date_gmt":"2024-05-01T13:25:00","guid":{"rendered":"https:\/\/www.etoffe.com\/blog\/?p=7427"},"modified":"2024-04-30T16:06:41","modified_gmt":"2024-04-30T14:06:41","slug":"le-bemberg-une-melodie-sans-lharmonie","status":"publish","type":"post","link":"https:\/\/www.etoffe.com\/blog\/2024\/05\/le-bemberg-une-melodie-sans-lharmonie\/","title":{"rendered":"LE BEMBERG\u00ae, UNE MELODIE SANS L\u2019HARMONIE"},"content":{"rendered":"\n<figure class=\"wp-block-image size-full is-resized\"><img decoding=\"async\" loading=\"lazy\" src=\"https:\/\/www.etoffe.com\/blog\/wp-content\/uploads\/2024\/04\/7d5c21b20fa45c979d3829dd5a188832-2.jpg\" alt=\"\" class=\"wp-image-7430\" width=\"596\" height=\"823\" srcset=\"https:\/\/www.etoffe.com\/blog\/wp-content\/uploads\/2024\/04\/7d5c21b20fa45c979d3829dd5a188832-2.jpg 516w, https:\/\/www.etoffe.com\/blog\/wp-content\/uploads\/2024\/04\/7d5c21b20fa45c979d3829dd5a188832-2-217x300.jpg 217w\" sizes=\"(max-width: 596px) 100vw, 596px\" \/><\/figure>\n\n\n\n<p>AU FIL DES NOTES \u00a0 \u00a0 \u00a0 \u00a0 \u00a0 \u00a0 \u00a0 \u00a0 \u00a0 \u00a0 \u00a0 \u00a0 \u00a0 \u00a0 \u00a0 \u00a0 \u00a0 \u00a0 \u00a0 \u00a0 \u00a0 \u00a0 \u00a0 \u00a0 \u00a0 \u00a0 \u00a0 \u00a0 \u00a0 \u00a0 \u00a0 \u00a0 \u00a0 \u00a0 \u00a0 \u00a0 \u00a0 \u00a0 \u00a0 \u00a0 \u00a0 \u00a0 \u00a0 \u00a0 \u00a0 \u00a0 \u00a0 \u00a0 \u00a0 \u00a0 \u00a0 \u00a0 \u00a0 \u00a0 \u00a0 \u00a0 \u00a0 \u00a0 \u00a0 \u00a0 \u00a0 \u00a0 <\/p>\n\n\n\n<p>Une certaine complicit\u00e9 entre\u00a0musique et textile ? Cette id\u00e9e, a priori incongrue, m\u2019est apparue au cours de ma carri\u00e8re professionnelle, ce qui m\u2019a conduit \u00e0 m\u2019int\u00e9resser autrement \u00e0 l\u2019univers des \u00e9toffes.\u00a0<\/p>\n\n\n\n<p>LA TEXTURE EMOTIONNELLE EN PARTAGE<\/p>\n\n\n\n<p>Du latin texere, tisser. Si ce mot est g\u00e9n\u00e9ralement associ\u00e9 au toucher, l\u2019ou\u00efe n\u2019est pas en reste. Les \u00e9motions tactiles r\u00e9agissent \u00e0 la douceur ou \u00e0 la rugosit\u00e9 d\u2019une surface et les \u00e9motions acoustiques se laissent p\u00e9n\u00e9trer par les sonorit\u00e9s. Le tisserand entrem\u00eale les fils en un certain ordre et le compositeur tisse ses partitions en arrangeant selon son inspiration les sonorit\u00e9s et les vibrations. Si le spectre des textures est large : doux, lisse, rugueux, m\u00e9lodieux, agressif, romantique, joyeux ou triste, celui des \u00e9motions l\u2019est \u00e9galement : effroi, joie, tristesse, peur, s\u00e9r\u00e9nit\u00e9\u2026<\/p>\n\n\n\n<p>Ainsi, qu\u2019il s\u2019agisse d\u2019un tissu ou d\u2019une composition musicale, la texture est per\u00e7ue par le consommateur ou l\u2019auditeur selon son degr\u00e9 de sensibilit\u00e9. La caresse d\u2019un velours de soie peut engendrer effroi ou pl\u00e9nitude, une composition dod\u00e9caphonique, musique r\u00e9p\u00e9titive, peut provoquer ennui ou curiosit\u00e9.&nbsp; &nbsp;<\/p>\n\n\n\n<p>LARGUER LES AMARRES &nbsp;<\/p>\n\n\n\n<p>Dans les ann\u00e9es 1920, une technique de composition musicale initi\u00e9e par Arnold Sch\u00f6nberg, rompit avec les sonorit\u00e9s du discours musical classique. A peu pr\u00e8s \u00e0 la m\u00eame \u00e9poque, en Europe, des brevets furent d\u00e9pos\u00e9s, bouleversant l\u2019ordre bien \u00e9tabli des fibres naturelles et, avec leurs\u00a0 formules \u201cmagiques\u201c, annonc\u00e8rent la naissance d\u2019une nouvelle famille de fibres textiles issue de la chimie.<\/p>\n\n\n\n<p>IL Y A MODERNE ET MODERNE<\/p>\n\n\n\n<p>La musique \u00ab\u00a0moderne\u00a0\u00ab\u00a0compos\u00e9e au d\u00e9but du si\u00e8cle dernier, est\u00a0 souvent per\u00e7ue\u00a0 comme\u00a0 savante, voir abstraite, une similitude avec les fibres chimiques\u00a0 elles aussi tr\u00e8s techniques sorties des laboratoires elles aussi au d\u00e9but du XXI si\u00e8cle.<\/p>\n\n\n\n<p>LA RICHESSE DES REPERTOIRES<\/p>\n\n\n\n<p>L&rsquo;univers musical ne s&rsquo;est pas d\u00e9sagr\u00e9g\u00e9 \u00e0 l&rsquo;arriv\u00e9e de la musique&nbsp; dod\u00e9caphonique, bien au contraire, son r\u00e9pertoire s\u2019en est s\u2019enrichit. La perception, bien qu\u2019abstraite, des fibres textiles chimiques par le grand public, n\u2019entrava nullement leur d\u00e9veloppement qui n\u2019eut de cesse que de cro\u00eetre. L\u2019\u00e9volution de l&rsquo;expression musicale, tout comme celui du&nbsp; langage textile est illimit\u00e9e.<\/p>\n\n\n\n<p><em>DU CONCRET A L\u2019ABSTRACTION &nbsp;<\/em><\/p>\n\n\n\n<p>Sonorit\u00e9s discordantes et fibres chimiques d\u00e9daignent les harmonies tant auditives que&nbsp; tactiles. Pour ces \u00e9carts, elles furent consid\u00e9r\u00e9es comme des intrus dans un univers classique. Si, dans les ann\u00e9es 1920, les sonorit\u00e9s classiques et les mati\u00e8res naturelles furent bafou\u00e9es sciemment, il n\u2019en demeure pas moins que leur m\u00e9lodie demeure en \u00ab&nbsp;toile de fond&nbsp;\u00bb.<\/p>\n\n\n\n<p>UNE EXTRAVAGANTE R\u00c9ALIT\u00c9<\/p>\n\n\n\n<p>\u00ab&nbsp;<em>La soie n\u2019\u00e9tant qu\u2019une gomme liquide qui se dess\u00e8che, ne pourrions-nous pas nous-m\u00eames faire de la soie avec nos gommes et nos r\u00e9sines&nbsp;\u00bb<\/em> R\u00e9aumur 1734.<\/p>\n\n\n\n<p>La musique exp\u00e9rimentale et les fibres artificielles ne sont pas n\u00e9es spontan\u00e9ment, elles r\u00e9sultent d\u2019un ensemble de conjectures, de projets, d\u2019exp\u00e9rimentations heureuses ou malheureuse qui, \u00e0 un moment donn\u00e9, ont abouties. Saluons ces personnalit\u00e9s dot\u00e9es d\u2019une grande pers\u00e9v\u00e9rance, \u00e0 la fois curieuses et pragmatiques, parfois consid\u00e9r\u00e9es comme farfelues, \u00e0 l\u2019origine des ces innovations. En ce qui concerne les fibres textiles artificielles, R\u00e9aumur, Audemars, Louis Marie Hilaire Bernigaud comte de Chardonnet ou encore Cross et Bevan furent ces premiers de cord\u00e9e qui montr\u00e8rent le chemin des innovations. &nbsp;<\/p>\n\n\n\n<p><em>Le saviez vous ? Le ver \u00e0 soie est le nom donn\u00e9 \u00e0 la chenille d&rsquo;un papillon de nuit que l&rsquo;on appelle le Bombyx du m\u00fbrier, puisqu\u2019il se nourrit exclusivement de cette feuille.<\/em><em>&nbsp;<\/em><\/p>\n\n\n\n<p>PAR HASARD ET PAR N\u00c9CESSIT\u00c9<\/p>\n\n\n\n<p>\u00ab&nbsp;Tout ce qui existe dans l\u2019Univers est le fruit du hasard et de la n\u00e9cessit\u00e9&nbsp;\u00bb D\u00e9mocrite.<\/p>\n\n\n\n<p><em>Le saviez vous ? de l\u2019ancien fran\u00e7ais hasart, hasard est une d\u00e9formation par espagnol azar, de l\u2019arabe andalou al- zahr = jeu de d\u00e9, chance.&nbsp;<\/em> &nbsp; &nbsp; &nbsp; &nbsp; &nbsp; &nbsp; &nbsp; &nbsp; &nbsp; &nbsp; &nbsp; &nbsp; &nbsp; &nbsp; &nbsp; &nbsp; &nbsp; &nbsp; &nbsp; &nbsp; &nbsp; &nbsp; &nbsp; &nbsp; &nbsp; &nbsp; &nbsp; &nbsp; &nbsp; &nbsp; &nbsp; &nbsp; &nbsp;<\/p>\n\n\n\n<p>Pour qu\u2019un projet puisse aboutir, il doit r\u00e9pondre \u00e0 un r\u00e9el besoin.<\/p>\n\n\n\n<p>La n\u00e9cessit\u00e9 : dans la seconde partie du XIXe si\u00e8cle, les \u00e9levages de vers \u00e0 soie furent en partie d\u00e9cim\u00e9s, en France puis en Europe, par la p\u00e9brine et la flacherie. Les rem\u00e8des se succ\u00e9d\u00e8rent sans pour autant \u00e9radiquer ces maladies&nbsp; qui mena\u00e7aient l\u2019approvisionnement et le d\u00e9veloppement de l\u2019industrie, alors florissante, de la soie. En 1865, les s\u00e9riciculteurs firent appel au c\u00e9l\u00e8bre chimiste Pasteur qui, au terme de plusieurs ann\u00e9es de recherches, de r\u00e9flexion et d\u2019observations, trouva un moyen d\u2019enrayer la progression de la p\u00e9rime due en partie \u00e0 la \u00ab&nbsp;contagion&nbsp;\u00bb, mais il faudra encore des ann\u00e9es pour&nbsp; trouver le moyen de l\u2019\u00e9radiquer.<\/p>\n\n\n\n<p><strong><em>Le saviez vous ? <\/em><\/strong><em>La p\u00e9brine se caract\u00e9rise par l\u2019apparition de taches noirs sur le corps de la chenille, similaires \u00e0 des grains de poivre. Or, en patois occitan, poivre se dit p\u00e9br\u00e9, \u00e0 l\u2019origine du mot.\u00a0<\/em><\/p>\n\n\n\n<p>Le hasard : Hilaire de Chardonnet se trouvant dans la r\u00e9gion lyonnaise afin d\u2019\u00e9tudier en d\u00e9tail la technique de la s\u00e9riciculture, fut embarqu\u00e9 dans la tourmente de la p\u00e9ribrine. Il \u00e9tudia diff\u00e9rentes solutions permettant \u00e0 cette industrie de se r\u00e9tablir et, finalement imagina un stratag\u00e8me ing\u00e9nieux mais r\u00e9alisable \u00e0 long terme.<\/p>\n\n\n\n<p>Tout est bien qui finit bien &nbsp;<\/p>\n\n\n\n<p>L\u2019industrie de la soie fut sauvegard\u00e9e, bien que Pasteur et Chardonnet soient arriv\u00e9s \u00e0 des conclusions diff\u00e9rentes.<\/p>\n\n\n\n<p>Pour Pasteur, un traitement pr\u00e9ventif s\u2019av\u00e9rait n\u00e9cessaire pour pr\u00e9venir la transmission&nbsp; de la maladie : respect des r\u00e8gles d\u2019hygi\u00e8ne et s\u00e9paration des m\u00e9tiers de s\u00e9riciculteurs et gra\u00eeneurs.&nbsp;<\/p>\n\n\n\n<p><em>Le saviez vous ?&nbsp; Des recherches de Louis Pasteur sur les maladies du ver \u00e0 soie naquit un concept novateur qui fut appliqu\u00e9 dans le domaine m\u00e9dical au niveau de la pr\u00e9vention des maladies contagieuses entra\u00eenant des progr\u00e8s d\u00e9cisifs. &nbsp; &nbsp; <\/em>&nbsp;<\/p>\n\n\n\n<p>Chardonnet, proposa une solution radicale pr\u00e9conisant la fabrication d\u2019une mati\u00e8re artificielle, substitut mi-v\u00e9g\u00e9tal mi-chimique imitant la soie naturelle \u00e0 partir de nitrocellulose. C\u2019est ainsi que naquit, quelques d\u00e9cennies plus tard, la premi\u00e8re fibre artificielle baptis\u00e9e soie Chardonnet.<\/p>\n\n\n\n<p>LE LOUP DANS LA BERGERIE&nbsp;<\/p>\n\n\n\n<p>En voulant sauver l\u2019industrie de la soie, Chardonnet pr\u00e9sida \u00e0 la naissance d\u2019une nouvelle industrie, celle des fibres textiles chimiques. Le succ\u00e8s aidant, ces alternatives artificielles \u00e0 la soie naturelle allaient devenir des concurrentes. &nbsp;<\/p>\n\n\n\n<p>PREMIER MAILLON D\u2019UNE LONGUE CHA\u00ceNE&nbsp; &nbsp; &nbsp; &nbsp; &nbsp; &nbsp; &nbsp; &nbsp; &nbsp; &nbsp; &nbsp; &nbsp; &nbsp; &nbsp; &nbsp;<\/p>\n\n\n\n<p>La recette originelle de la soie Chardonnet : \u00e9corce de murier (proc\u00e9d\u00e9 nitrocellulose dans un m\u00e9lange esther\/alcool) duquel r\u00e9sulte un produit trop inflammable qui sera modifi\u00e9,&nbsp; ouvrant la voie \u00e0 l\u2019ac\u00e9tate, cupro, viscose et, plus tard, aux polyamides, polyester et Cie. &nbsp;<\/p>\n\n\n\n<p>LES CODES ONT CHANGE, PAS LE PUBLIC<\/p>\n\n\n\n<p>La musique atonale ou dod\u00e9caphonique, jadis r\u00e9volutionnaire, est devenue, au XXIe si\u00e8cle, un grand classique avec des ma\u00eetres respect\u00e9s comme Alban Berg ou Scriabine. Aujourd\u2019hui, les outils num\u00e9riques ont permis l\u2019\u00e9closion d\u2019une musique \u00e9lectronique. Les fibres artificielles novatrices, voire excentriques avant-hier, sont de nos jour, des articles classiques.<\/p>\n\n\n\n<p>L\u2019accueil du public n\u2019est pas surprenant, une admiration sans borne pour les uns, un insolent m\u00e9pris pour les autres. Cependant, la permanence de la diversit\u00e9 des offres s\u2019accorde avec celle du public.<\/p>\n\n\n\n<p>DES NOTES ET DES FIBRES ALEXITHYMIES ?&nbsp;<\/p>\n\n\n\n<p>Les sentiments, les \u00e9motions sont&nbsp; exclus&nbsp; volontairement dans la musique dod\u00e9caphonique comme dans les tissus en fibres chimiques. Les sonorit\u00e9s n\u2019incitent pas \u00e0 la r\u00eaverie, la mati\u00e8re n\u2019incite pas \u00e0 la caresse.&nbsp; &nbsp;<\/p>\n\n\n\n<p>LE BEMBERG\u00ae, UN INTRU DANS DE CE CAPHARNAMUM TEXTILE\u00a0<\/p>\n\n\n\n<figure class=\"wp-block-image size-full\"><img decoding=\"async\" loading=\"lazy\" width=\"800\" height=\"600\" src=\"https:\/\/www.etoffe.com\/blog\/wp-content\/uploads\/2024\/04\/0990_Cupro_GG_1_resized__19009-1.jpg\" alt=\"\" class=\"wp-image-7436\" srcset=\"https:\/\/www.etoffe.com\/blog\/wp-content\/uploads\/2024\/04\/0990_Cupro_GG_1_resized__19009-1.jpg 800w, https:\/\/www.etoffe.com\/blog\/wp-content\/uploads\/2024\/04\/0990_Cupro_GG_1_resized__19009-1-300x225.jpg 300w, https:\/\/www.etoffe.com\/blog\/wp-content\/uploads\/2024\/04\/0990_Cupro_GG_1_resized__19009-1-768x576.jpg 768w\" sizes=\"(max-width: 800px) 100vw, 800px\" \/><\/figure>\n\n\n\n<p><em><strong>Le saviez vous ?<\/strong>\u00a0 Une fibre est une substance filamenteuse caract\u00e9ris\u00e9e par sa longueur discontinue. Un filament est une fibre de longueur continue, dont l\u2019origine est \u00e9videmment chimique (artificielle ou synth\u00e9tique). Un fil est constitu\u00e9 de fibres rassembl\u00e9es pour former une structure robuste, utilisable dans la fabrication de textiles. Si le cupro est une fibre, le Bemberg\u00ae est un tissu. Le nom Bemberg\u00a0 est une marque d\u00e9pos\u00e9e.\u00a0<\/em><\/p>\n\n\n\n<p>NUL N\u2019EST PROPHETE EN SON PAYS &nbsp; &nbsp; &nbsp; &nbsp; &nbsp; &nbsp; &nbsp; &nbsp; &nbsp; &nbsp; &nbsp; &nbsp; &nbsp; &nbsp; &nbsp; &nbsp; &nbsp; &nbsp; &nbsp; &nbsp; &nbsp; &nbsp; &nbsp; &nbsp; &nbsp; &nbsp; &nbsp; &nbsp; &nbsp; &nbsp;<\/p>\n\n\n\n<p>L.H. Despeissis, un ing\u00e9nieur fran\u00e7ais fut \u00e0 l\u2019origine du d\u00e9veloppement de la fibre cupro ammonium. Le filament est obtenu par la dissolution de la cellulose r\u00e9g\u00e9n\u00e9r\u00e9e dans une solution ammoniacale \u00e0 base d\u2019oxyde de cuivre. Le collodion est fil\u00e9 dans l\u2019eau, puis le filament passe dans un bain d\u2019acide sulfurique afin de le durcir et d\u2019\u00e9liminer l&rsquo;oxyde de cuivre ammoniacal.&nbsp; &nbsp;<\/p>\n\n\n\n<p>DE PERIPETIES EN P\u00c9RIPECIE, LE&nbsp; BREVET DU CUPRO PASSE DE LA FRANCE \u00c0 L\u2019ALLEMAGNE&nbsp;<\/p>\n\n\n\n<p>Le brevet de la soie au cuivre intitul\u00e9 \u00ab nouveau proc\u00e9d\u00e9 de pr\u00e9paration de soie artificielle&nbsp;\u00bb&nbsp;fut d\u00e9pos\u00e9 en France en 1890, mais Despeissis mourut sans avoir eut le temps de l\u2019exploiter.<\/p>\n\n\n\n<p>Le brevet fran\u00e7ais tomb\u00e9 dans le domaine public, M.Frenery, chimiste allemand et J.Urban, ing\u00e9nieur autrichien, d\u00e9pos\u00e8rent en 1897, un brevet de filage d\u2019une solution de cellulose dans la liqueur Schweitzer, constituant une fibre destin\u00e9e \u00e0 la fabrication de filaments pour lampes \u00e9lectriques.\u00a0 \u00a0 \u00a0 \u00a0 \u00a0 \u00a0 \u00a0 \u00a0 \u00a0 \u00a0 \u00a0 \u00a0 \u00a0 \u00a0 \u00a0 \u00a0 \u00a0 \u00a0 \u00a0 En 1892-1896, les anglais Cross and Bevan, d\u00e9pos\u00e8rent le brevet de la viscose. En utilisant la cellulose issue de la p\u00e2te \u00e0 bois et des solvants peu couteux, le succ\u00e8s commercial de la viscose entra\u00eena la fin de l\u2019aventure fran\u00e7aise de la soie au cuivre\u00a0 dont le co\u00fbt de revient ne pouvait rivaliser avec celui de la viscose. \u00a0 \u00a0 \u00a0 \u00a0 \u00a0 \u00a0 \u00a0 \u00a0 \u00a0 \u00a0 \u00a0 \u00a0 \u00a0 \u00a0 \u00a0 \u00a0 \u00a0 \u00a0 \u00a0 \u00a0 \u00a0 <\/p>\n\n\n\n<p>En 1897, un nouveau brevet fut d\u00e9pos\u00e9 par Frenery et Urban avec une formule am\u00e9lior\u00e9e redonnant un avenir \u00e0 cette soie au cuivre appliqu\u00e9e au domaine textile.\u00a0<\/p>\n\n\n\n<p>LA SOIE CUPRO-AMMONIACALE BEMBERG\u00ae<\/p>\n\n\n\n<div class=\"is-layout-constrained wp-block-group\"><div class=\"wp-block-group__inner-container\">\n<div class=\"is-layout-flex wp-container-3 wp-block-columns\">\n<div class=\"is-layout-flow wp-block-column\">\n<figure class=\"wp-block-image size-full\"><img decoding=\"async\" loading=\"lazy\" width=\"564\" height=\"564\" src=\"https:\/\/www.etoffe.com\/blog\/wp-content\/uploads\/2024\/04\/a941f3bd0e0a6da5ef6bd539fe3d40bd-2.jpg\" alt=\"\" class=\"wp-image-7446\" srcset=\"https:\/\/www.etoffe.com\/blog\/wp-content\/uploads\/2024\/04\/a941f3bd0e0a6da5ef6bd539fe3d40bd-2.jpg 564w, https:\/\/www.etoffe.com\/blog\/wp-content\/uploads\/2024\/04\/a941f3bd0e0a6da5ef6bd539fe3d40bd-2-300x300.jpg 300w, https:\/\/www.etoffe.com\/blog\/wp-content\/uploads\/2024\/04\/a941f3bd0e0a6da5ef6bd539fe3d40bd-2-150x150.jpg 150w, https:\/\/www.etoffe.com\/blog\/wp-content\/uploads\/2024\/04\/a941f3bd0e0a6da5ef6bd539fe3d40bd-2-500x500.jpg 500w\" sizes=\"(max-width: 564px) 100vw, 564px\" \/><\/figure>\n<\/div>\n\n\n\n<div class=\"is-layout-flow wp-block-column\">\n<figure class=\"wp-block-image size-full\"><img decoding=\"async\" loading=\"lazy\" width=\"736\" height=\"736\" src=\"https:\/\/www.etoffe.com\/blog\/wp-content\/uploads\/2024\/04\/ed2fc2e7bbf16339c19e681a435f6ea3-3.jpg\" alt=\"\" class=\"wp-image-7448\" srcset=\"https:\/\/www.etoffe.com\/blog\/wp-content\/uploads\/2024\/04\/ed2fc2e7bbf16339c19e681a435f6ea3-3.jpg 736w, https:\/\/www.etoffe.com\/blog\/wp-content\/uploads\/2024\/04\/ed2fc2e7bbf16339c19e681a435f6ea3-3-300x300.jpg 300w, https:\/\/www.etoffe.com\/blog\/wp-content\/uploads\/2024\/04\/ed2fc2e7bbf16339c19e681a435f6ea3-3-150x150.jpg 150w, https:\/\/www.etoffe.com\/blog\/wp-content\/uploads\/2024\/04\/ed2fc2e7bbf16339c19e681a435f6ea3-3-500x500.jpg 500w\" sizes=\"(max-width: 736px) 100vw, 736px\" \/><\/figure>\n<\/div>\n<\/div>\n<\/div><\/div>\n\n\n\n<p>L&rsquo;histoire de la firme qui donna nom \u00e0 un tissu commence en Allemagne en 1792&nbsp; avec Johann Peter Bemberg qui tient \u00e0 Edelfeld un magasin de tissus. En 1898, la soci\u00e9t\u00e9 accueille des actionnaires. En 1900, l\u2019arri\u00e8re petit-fils du fondateur de l\u2019entreprise, sans doute un visionnaire, installa au sein de son entreprise, un laboratoire de recherches consacr\u00e9 au d\u00e9veloppement de la fibre cupro-ammoniacale dirig\u00e9 par Thiele, technicien et Elsaesser, chimiste. Leur but \u00e9tait de produire industriellement un fil fin, extensible et solide en toutes parts, similaire \u00e0 la soie naturelle.&nbsp;<\/p>\n\n\n\n<p>LES COUPS DE GENIE&nbsp; DE THIELE<\/p>\n\n\n\n<p>Il pr\u00e9conisa l\u2019utilisation exclusive de la&nbsp; cellulose du linter de coton et un filage suivit d\u2019un&nbsp; \u00e9tirage lent de la fibre en milieu humide afin de lui conf\u00e9rer des qualit\u00e9s intrins\u00e8ques de souplesse et de lustre mod\u00e9r\u00e9.<\/p>\n\n\n\n<p>En 1904, un brevet fut d\u00e9pos\u00e9, perfectionn\u00e9 en 1908, par l\u2019utilisation exclusive du linter de coton, une cellulose pure, une mati\u00e8re \u00e9conomique qui se dissout \u00e0 la perfection dans une base cupro-ammoniacale.\u00a0 \u00a0<\/p>\n\n\n\n<p><em><strong>Le saviez vous ?<\/strong> le linter est le duvet constitu\u00e9 de fibres tr\u00e8s courtes demeurant attach\u00e9es sur les graines de cotonnier apr\u00e8s \u00e9grenage. Cette cellulose pure n\u2019\u00e9tait pas exploitable industriellement, les fibres \u00e9tant trop courtes pour \u00eatre fil\u00e9es. Consid\u00e9r\u00e9s comme rebut, ces\u00a0 d\u00e9chets \u00e9taient inutilis\u00e9es avant le cupro Bemberg. Ainsi, l\u2019emploi de ce reliquat de coton\u00a0 fut d\u00e9sormais rentabilis\u00e9 par l\u2019industrie textile. <\/em><\/p>\n\n\n\n<p>Comme toutes les fibres artificielles, le Bemberg\u00ae derni\u00e8re g\u00e9n\u00e9ration est, par nature, une fibre cellulosique mais chimiquement modifi\u00e9e.&nbsp;<\/p>\n\n\n\n<p><em><strong>Le saviez vous ?<\/strong> La cellulose est r\u00e9g\u00e9n\u00e9r\u00e9e, c\u2019est-\u00e0-dire transform\u00e9e par une succession d\u2019op\u00e9rations chimiques et physiques.\u00a0 <\/em>\u00a0 \u00a0 \u00a0 \u00a0 \u00a0 \u00a0 \u00a0 \u00a0 \u00a0<\/p>\n\n\n\n<p>POINT FINAL ? PAS POUR TOUS !<br>En 1910, la production de la soie au cuivre cessa, \u00e0 l\u2019exception du cupro Bemberg.<\/p>\n\n\n\n<p>L&rsquo;AVENTURE CONTINUE POUR LE CUPRO BEMBERG<\/p>\n\n\n\n<p>La soci\u00e9t\u00e9 m\u00e8re J P Bemberg a finalement disparu apr\u00e8s une s\u00e9rie de fusions et de cessions. En 1950, une unit\u00e9 de production s\u2019installa aux USA et, depuis 2015, la fibre cupro Bemberg\u2122 est produite au Japon&nbsp; par la soci\u00e9t\u00e9 Asahi Kasei Corporation.<\/p>\n\n\n\n<p>LE BEMBERG\u00ae, UNE ETOFFE SANS FAUSSE NOTE<\/p>\n\n\n\n<p>Ce tissu \u00e9chappe avec insolence \u00e0 ce discours atonal et tactilement insipide. Son toucher doux et lisse et sa\u00a0 souplesse sont des atouts incomparables lorsqu\u2019il est employ\u00e9 en doublure, Avec un lustre moins pr\u00e9tentieux que celui de l\u2019ac\u00e9tate, il se laisse cajoler contrairement \u00e0 un nylon. C\u2019est un tissu plaisir tactilement et visuellement.<\/p>\n\n\n\n<div class=\"is-layout-flex wp-container-8 wp-block-columns\">\n<div class=\"is-layout-flow wp-block-column\">\n<figure class=\"wp-block-image size-full\"><img decoding=\"async\" loading=\"lazy\" width=\"570\" height=\"747\" src=\"https:\/\/www.etoffe.com\/blog\/wp-content\/uploads\/2024\/04\/1ea85b41e2b337e1f204027e8f51ff16-1.jpg\" alt=\"\" class=\"wp-image-7452\" srcset=\"https:\/\/www.etoffe.com\/blog\/wp-content\/uploads\/2024\/04\/1ea85b41e2b337e1f204027e8f51ff16-1.jpg 570w, https:\/\/www.etoffe.com\/blog\/wp-content\/uploads\/2024\/04\/1ea85b41e2b337e1f204027e8f51ff16-1-229x300.jpg 229w\" sizes=\"(max-width: 570px) 100vw, 570px\" \/><\/figure>\n<\/div>\n\n\n\n<div class=\"is-layout-flow wp-block-column\">\n<figure class=\"wp-block-image size-full is-resized\"><img decoding=\"async\" loading=\"lazy\" src=\"https:\/\/www.etoffe.com\/blog\/wp-content\/uploads\/2024\/04\/50e32521fe6fcb674293ecd09cb93e86.jpg\" alt=\"\" class=\"wp-image-7454\" width=\"267\" height=\"333\" srcset=\"https:\/\/www.etoffe.com\/blog\/wp-content\/uploads\/2024\/04\/50e32521fe6fcb674293ecd09cb93e86.jpg 564w, https:\/\/www.etoffe.com\/blog\/wp-content\/uploads\/2024\/04\/50e32521fe6fcb674293ecd09cb93e86-240x300.jpg 240w\" sizes=\"(max-width: 267px) 100vw, 267px\" \/><\/figure>\n<\/div>\n\n\n\n<div class=\"is-layout-flow wp-block-column\">\n<figure class=\"wp-block-image size-full is-resized\"><img decoding=\"async\" loading=\"lazy\" src=\"https:\/\/www.etoffe.com\/blog\/wp-content\/uploads\/2024\/04\/73e9e5eb7cab31f9c7c17a2533333181.jpg\" alt=\"\" class=\"wp-image-7464\" width=\"250\" height=\"332\" srcset=\"https:\/\/www.etoffe.com\/blog\/wp-content\/uploads\/2024\/04\/73e9e5eb7cab31f9c7c17a2533333181.jpg 564w, https:\/\/www.etoffe.com\/blog\/wp-content\/uploads\/2024\/04\/73e9e5eb7cab31f9c7c17a2533333181-225x300.jpg 225w\" sizes=\"(max-width: 250px) 100vw, 250px\" \/><\/figure>\n<\/div>\n<\/div>\n\n\n\n<p>EN APARTE<\/p>\n\n\n\n<p>J&rsquo;entends parfois une m\u00e9lodie techniquement parfaite&nbsp; s\u2019\u00e9chapper&nbsp; de la poche de mon manteau, cr\u00e9es par le frottement de ma main&nbsp; sur la doublure. Dans mon imaginaire fort \u00e9toff\u00e9 j\u2019en convient,&nbsp; ces sons m\u00e9talliques pourraient venir de la&nbsp; vibration&nbsp; des cordes d\u2019une harpe effleur\u00e9es par des doigts agiles Une partition qui&nbsp; traduit toute l&rsquo;ambigu\u00eft\u00e9 d Bemberg qui sait gommer son origine artificielle en offrant une apparence \u00e9tonnamment naturelle. Mes sonorit\u00e9s Bemberg&nbsp; sont hautes, claires, distinctes, aigu\u00ebs par instant, et surtout joyeuses telle une sarabande de couleurs qui traverse les airs.<\/p>\n\n\n\n<p>L\u2019ENVERS VAUT BIEN L\u2019ENDROIT<\/p>\n\n\n\n<p>Sur le march\u00e9 des doublures, le Bemberg\u00ae est class\u00e9 dans la cat\u00e9gorie luxe, en concurrence avec le pong\u00e9 de soie. Bien que tr\u00e8s \u00e9l\u00e9gant, il n&rsquo;est jamais au premier rang sur les photos, il tient \u00e0 la perfection ce second r\u00f4le ce qui n\u2019est g\u00e9n\u00e9ralement pas le cas pour les doublures. Parfois l\u2019envers d\u2019un v\u00eatement doubl\u00e9 avec du Bemberg m\u00e9riterait la lumi\u00e8re.<\/p>\n\n\n\n<p>AMICALEMENT VOTRE<\/p>\n\n\n\n<p>En doublure de manche pour les manteaux c\u2019est un plus ; il n\u2019entrave pas les glissades. En doublure de jupe, il n\u2019engendre pas d\u2019\u00e9lectricit\u00e9 statique, donc ne colle pas sur les collants, ne prend de faux plis si d\u00e9sagr\u00e9ables. Un petit conseil d\u2019entretien : le tissu peut \u00eatre lav\u00e9 en machine \u00e0 30\u00b0C et s\u00e9ch\u00e9 \u00e0 l\u2019air libre puis, si n\u00e9cessaire, repass\u00e9 l\u00e9g\u00e8rement pour une compl\u00e8te remise en forme.&nbsp;<\/p>\n\n\n\n<p>Son prix abordable et sa solidit\u00e9 permettent des utilisations occasionnelles comme des d\u00e9guisements ou des d\u00e9cors festifs ponctuels. Le Bemberg est propos\u00e9 dans les rayons doublure dans une large gamme de couleurs vives. &nbsp;<\/p>\n\n\n\n<p>Pour tout cela, j\u2019avais \u00e0&nbsp; \u00e0 coeur vous faire d\u00e9couvrir cette p\u00e9pite textile.&nbsp; &nbsp;<\/p>\n\n\n\n<p>LE MOT DE LA FIN ?&nbsp;<\/p>\n\n\n\n<p>Nait du coton, brille comme la soie. Slogan signature de l\u2019entreprise Asahi Kasel.&nbsp;<\/p>\n\n\n\n<figure class=\"wp-block-image size-full\"><img decoding=\"async\" loading=\"lazy\" width=\"564\" height=\"564\" src=\"https:\/\/www.etoffe.com\/blog\/wp-content\/uploads\/2024\/04\/a0eef63ddd9a6b0e6520eb7dc0db78e3.jpg\" alt=\"\" class=\"wp-image-7466\" srcset=\"https:\/\/www.etoffe.com\/blog\/wp-content\/uploads\/2024\/04\/a0eef63ddd9a6b0e6520eb7dc0db78e3.jpg 564w, https:\/\/www.etoffe.com\/blog\/wp-content\/uploads\/2024\/04\/a0eef63ddd9a6b0e6520eb7dc0db78e3-300x300.jpg 300w, https:\/\/www.etoffe.com\/blog\/wp-content\/uploads\/2024\/04\/a0eef63ddd9a6b0e6520eb7dc0db78e3-150x150.jpg 150w, https:\/\/www.etoffe.com\/blog\/wp-content\/uploads\/2024\/04\/a0eef63ddd9a6b0e6520eb7dc0db78e3-500x500.jpg 500w\" sizes=\"(max-width: 564px) 100vw, 564px\" \/><\/figure>\n","protected":false},"excerpt":{"rendered":"<p>AU FIL DES NOTES \u00a0 \u00a0 \u00a0 \u00a0 \u00a0 \u00a0 \u00a0 \u00a0 \u00a0 \u00a0 \u00a0 \u00a0 \u00a0 \u00a0 \u00a0 \u00a0 \u00a0 \u00a0 \u00a0 \u00a0 \u00a0 \u00a0 \u00a0 \u00a0 \u00a0 \u00a0 \u00a0 \u00a0 \u00a0 \u00a0 \u00a0 \u00a0 \u00a0 \u00a0 \u00a0 \u00a0 \u00a0 \u00a0 \u00a0 \u00a0 \u00a0 \u00a0 \u00a0 \u00a0 \u00a0 \u00a0 \u00a0 \u00a0 \u00a0 \u00a0 \u00a0 \u00a0 \u00a0 \u00a0 \u00a0 \u00a0 \u00a0 \u00a0 \u00a0 \u00a0 \u00a0 \u00a0 Une certaine complicit\u00e9 entre\u00a0musique et textile ? Cette id\u00e9e, a priori incongrue, m\u2019est apparue&#46;&#46;&#46;<\/p>\n","protected":false},"author":15,"featured_media":7434,"comment_status":"open","ping_status":"open","sticky":false,"template":"","format":"standard","meta":[],"categories":[1],"tags":[],"yoast_head":"<!-- This site is optimized with the Yoast SEO plugin v20.3 - https:\/\/yoast.com\/wordpress\/plugins\/seo\/ -->\n<title>LE BEMBERG\u00ae, UNE MELODIE SANS L\u2019HARMONIE - Blog<\/title>\n<meta name=\"robots\" content=\"index, follow, max-snippet:-1, max-image-preview:large, max-video-preview:-1\" \/>\n<link rel=\"canonical\" href=\"https:\/\/www.etoffe.com\/blog\/2024\/05\/le-bemberg-une-melodie-sans-lharmonie\/\" \/>\n<meta property=\"og:locale\" content=\"fr_FR\" \/>\n<meta property=\"og:type\" content=\"article\" \/>\n<meta property=\"og:title\" content=\"LE BEMBERG\u00ae, UNE MELODIE SANS L\u2019HARMONIE - Blog\" \/>\n<meta property=\"og:description\" content=\"AU FIL DES NOTES \u00a0 \u00a0 \u00a0 \u00a0 \u00a0 \u00a0 \u00a0 \u00a0 \u00a0 \u00a0 \u00a0 \u00a0 \u00a0 \u00a0 \u00a0 \u00a0 \u00a0 \u00a0 \u00a0 \u00a0 \u00a0 \u00a0 \u00a0 \u00a0 \u00a0 \u00a0 \u00a0 \u00a0 \u00a0 \u00a0 \u00a0 \u00a0 \u00a0 \u00a0 \u00a0 \u00a0 \u00a0 \u00a0 \u00a0 \u00a0 \u00a0 \u00a0 \u00a0 \u00a0 \u00a0 \u00a0 \u00a0 \u00a0 \u00a0 \u00a0 \u00a0 \u00a0 \u00a0 \u00a0 \u00a0 \u00a0 \u00a0 \u00a0 \u00a0 \u00a0 \u00a0 \u00a0 Une certaine complicit\u00e9 entre\u00a0musique et textile ? Cette id\u00e9e, a priori incongrue, m\u2019est apparue&#046;&#046;&#046;\" \/>\n<meta property=\"og:url\" content=\"https:\/\/www.etoffe.com\/blog\/2024\/05\/le-bemberg-une-melodie-sans-lharmonie\/\" \/>\n<meta property=\"og:site_name\" content=\"Blog\" \/>\n<meta property=\"article:published_time\" content=\"2024-05-01T13:25:00+00:00\" \/>\n<meta property=\"article:modified_time\" content=\"2024-04-30T14:06:41+00:00\" \/>\n<meta property=\"og:image\" content=\"https:\/\/www.etoffe.com\/blog\/wp-content\/uploads\/2024\/04\/0990_Cupro_GG_1_resized__19009.jpg\" \/>\n\t<meta property=\"og:image:width\" content=\"800\" \/>\n\t<meta property=\"og:image:height\" content=\"600\" \/>\n\t<meta property=\"og:image:type\" content=\"image\/jpeg\" \/>\n<meta name=\"author\" content=\"Catherine GOLDMAN\" \/>\n<meta name=\"twitter:card\" content=\"summary_large_image\" \/>\n<meta name=\"twitter:label1\" content=\"\u00c9crit par\" \/>\n\t<meta name=\"twitter:data1\" content=\"Catherine GOLDMAN\" \/>\n\t<meta name=\"twitter:label2\" content=\"Dur\u00e9e de lecture estim\u00e9e\" \/>\n\t<meta name=\"twitter:data2\" content=\"13 minutes\" \/>\n<script type=\"application\/ld+json\" class=\"yoast-schema-graph\">{\"@context\":\"https:\/\/schema.org\",\"@graph\":[{\"@type\":\"Article\",\"@id\":\"https:\/\/www.etoffe.com\/blog\/2024\/05\/le-bemberg-une-melodie-sans-lharmonie\/#article\",\"isPartOf\":{\"@id\":\"https:\/\/www.etoffe.com\/blog\/2024\/05\/le-bemberg-une-melodie-sans-lharmonie\/\"},\"author\":{\"name\":\"Catherine GOLDMAN\",\"@id\":\"https:\/\/www.etoffe.com\/blog\/#\/schema\/person\/a68df4c05f9de1d186ff6134f640a77e\"},\"headline\":\"LE BEMBERG\u00ae, UNE MELODIE SANS L\u2019HARMONIE\",\"datePublished\":\"2024-05-01T13:25:00+00:00\",\"dateModified\":\"2024-04-30T14:06:41+00:00\",\"mainEntityOfPage\":{\"@id\":\"https:\/\/www.etoffe.com\/blog\/2024\/05\/le-bemberg-une-melodie-sans-lharmonie\/\"},\"wordCount\":2559,\"commentCount\":0,\"publisher\":{\"@id\":\"https:\/\/www.etoffe.com\/blog\/#organization\"},\"articleSection\":[\"Non classifi\u00e9(e)\"],\"inLanguage\":\"fr-FR\",\"potentialAction\":[{\"@type\":\"CommentAction\",\"name\":\"Comment\",\"target\":[\"https:\/\/www.etoffe.com\/blog\/2024\/05\/le-bemberg-une-melodie-sans-lharmonie\/#respond\"]}]},{\"@type\":\"WebPage\",\"@id\":\"https:\/\/www.etoffe.com\/blog\/2024\/05\/le-bemberg-une-melodie-sans-lharmonie\/\",\"url\":\"https:\/\/www.etoffe.com\/blog\/2024\/05\/le-bemberg-une-melodie-sans-lharmonie\/\",\"name\":\"LE BEMBERG\u00ae, UNE MELODIE SANS L\u2019HARMONIE - Blog\",\"isPartOf\":{\"@id\":\"https:\/\/www.etoffe.com\/blog\/#website\"},\"datePublished\":\"2024-05-01T13:25:00+00:00\",\"dateModified\":\"2024-04-30T14:06:41+00:00\",\"breadcrumb\":{\"@id\":\"https:\/\/www.etoffe.com\/blog\/2024\/05\/le-bemberg-une-melodie-sans-lharmonie\/#breadcrumb\"},\"inLanguage\":\"fr-FR\",\"potentialAction\":[{\"@type\":\"ReadAction\",\"target\":[\"https:\/\/www.etoffe.com\/blog\/2024\/05\/le-bemberg-une-melodie-sans-lharmonie\/\"]}]},{\"@type\":\"BreadcrumbList\",\"@id\":\"https:\/\/www.etoffe.com\/blog\/2024\/05\/le-bemberg-une-melodie-sans-lharmonie\/#breadcrumb\",\"itemListElement\":[{\"@type\":\"ListItem\",\"position\":1,\"name\":\"Accueil\",\"item\":\"https:\/\/www.etoffe.com\/blog\/\"},{\"@type\":\"ListItem\",\"position\":2,\"name\":\"LE BEMBERG\u00ae, UNE MELODIE SANS L\u2019HARMONIE\"}]},{\"@type\":\"WebSite\",\"@id\":\"https:\/\/www.etoffe.com\/blog\/#website\",\"url\":\"https:\/\/www.etoffe.com\/blog\/\",\"name\":\"Blog\",\"description\":\"Etoffe.com\",\"publisher\":{\"@id\":\"https:\/\/www.etoffe.com\/blog\/#organization\"},\"potentialAction\":[{\"@type\":\"SearchAction\",\"target\":{\"@type\":\"EntryPoint\",\"urlTemplate\":\"https:\/\/www.etoffe.com\/blog\/?s={search_term_string}\"},\"query-input\":\"required name=search_term_string\"}],\"inLanguage\":\"fr-FR\"},{\"@type\":\"Organization\",\"@id\":\"https:\/\/www.etoffe.com\/blog\/#organization\",\"name\":\"Blog\",\"url\":\"https:\/\/www.etoffe.com\/blog\/\",\"logo\":{\"@type\":\"ImageObject\",\"inLanguage\":\"fr-FR\",\"@id\":\"https:\/\/www.etoffe.com\/blog\/#\/schema\/logo\/image\/\",\"url\":\"https:\/\/www.etoffe.com\/blog\/wp-content\/uploads\/2020\/04\/logo-2.png\",\"contentUrl\":\"https:\/\/www.etoffe.com\/blog\/wp-content\/uploads\/2020\/04\/logo-2.png\",\"width\":462,\"height\":153,\"caption\":\"Blog\"},\"image\":{\"@id\":\"https:\/\/www.etoffe.com\/blog\/#\/schema\/logo\/image\/\"}},{\"@type\":\"Person\",\"@id\":\"https:\/\/www.etoffe.com\/blog\/#\/schema\/person\/a68df4c05f9de1d186ff6134f640a77e\",\"name\":\"Catherine GOLDMAN\",\"image\":{\"@type\":\"ImageObject\",\"inLanguage\":\"fr-FR\",\"@id\":\"https:\/\/www.etoffe.com\/blog\/#\/schema\/person\/image\/\",\"url\":\"https:\/\/secure.gravatar.com\/avatar\/a099426b4b424255eee0b848a122edfa?s=96&d=mm&r=g\",\"contentUrl\":\"https:\/\/secure.gravatar.com\/avatar\/a099426b4b424255eee0b848a122edfa?s=96&d=mm&r=g\",\"caption\":\"Catherine GOLDMAN\"},\"description\":\"Ecrire, c\u2019est un peu tisser\u00a0: les lettres, en un certain ordre assembl\u00e9es, forment des mots qui mis bout \u00e0 bout, deviennent des textes. Les brins de fibres textiles maintenus ensemble par torsion forment des fils qui, en un certain ordre entrelac\u00e9s, deviennent des tissus\u2026Textile et texte, un t\u00eate \u00e0 t\u00eate o\u00f9 toute ressemblance n\u2019est pas fortuite. Il est des civilisations qui transmettent leur culture par l\u2019\u00e9criture, d\u2019autres par la parole, d\u2019autres encore, par la parole \u00e9crite avec un fil. Entre le tissu et moi, c\u2019est une histoire de famille. Quatre g\u00e9n\u00e9rations et quatre mani\u00e8res diff\u00e9rentes de tisser des liens interg\u00e9n\u00e9rationnels entre les \u00e9toffes et les \u00ab\u00a0textilophiles\u00a0\u00bb. Apr\u00e8s ma formation \u00e0 l\u2019Ecole du Louvre et un passage dans les mus\u00e9es nationaux, j\u2019ai d\u00e9couvert les coulisses des \u00e9toffes. Avec d\u00e9lice, je me suis gliss\u00e9e dans des flots de taffetas, avec patience j\u2019ai gravi des montagnes de mousseline, avec curiosit\u00e9 j\u2019ai enjamb\u00e9 des rivi\u00e8res de tweed, pendant plus de 35 ans, au sein de la soci\u00e9t\u00e9 De gilles Tissus et toujours avec la m\u00eame \u00e9motion. J\u2019eus l\u2019occasion d\u2019admirer le savoir-faire des costumiers qui habillent, d\u00e9guisent, costument, travestissent les com\u00e9diens, acteurs, danseurs, clowns, chanteurs, pour le plus grand plaisir des spectateurs. J\u2019ai aim\u00e9 travailler avec les d\u00e9corateurs d\u2019int\u00e9rieurs toujours \u00e0 la recherche du Graal pour leurs clients. Du lange au linceul, le tissu nous accompagne, il partage nos jours et nos nuits. Et pourtant, il reste un inconnu ! Parler chiffon peut parfois sembler futile, mais au-del\u00e0 des mots, tissu, textile, \u00e9toffe, dentelle, feutre, tapisserie ou encore broderie, il est un univers qui gagne \u00e0 \u00eatre connu. Ainsi, au fil des ans les \u00e9toffes sont devenues des amies que j\u2019ai plaisir \u00e0 vous pr\u00e9senter chaque mois sur ce blog de mani\u00e8re p\u00e9dagogique et ludique. Je vous souhaite une belle lecture.\",\"url\":\"https:\/\/www.etoffe.com\/blog\/author\/degillestissus\/\"}]}<\/script>\n<!-- \/ Yoast SEO plugin. -->","yoast_head_json":{"title":"LE BEMBERG\u00ae, UNE MELODIE SANS L\u2019HARMONIE - Blog","robots":{"index":"index","follow":"follow","max-snippet":"max-snippet:-1","max-image-preview":"max-image-preview:large","max-video-preview":"max-video-preview:-1"},"canonical":"https:\/\/www.etoffe.com\/blog\/2024\/05\/le-bemberg-une-melodie-sans-lharmonie\/","og_locale":"fr_FR","og_type":"article","og_title":"LE BEMBERG\u00ae, UNE MELODIE SANS L\u2019HARMONIE - Blog","og_description":"AU FIL DES NOTES \u00a0 \u00a0 \u00a0 \u00a0 \u00a0 \u00a0 \u00a0 \u00a0 \u00a0 \u00a0 \u00a0 \u00a0 \u00a0 \u00a0 \u00a0 \u00a0 \u00a0 \u00a0 \u00a0 \u00a0 \u00a0 \u00a0 \u00a0 \u00a0 \u00a0 \u00a0 \u00a0 \u00a0 \u00a0 \u00a0 \u00a0 \u00a0 \u00a0 \u00a0 \u00a0 \u00a0 \u00a0 \u00a0 \u00a0 \u00a0 \u00a0 \u00a0 \u00a0 \u00a0 \u00a0 \u00a0 \u00a0 \u00a0 \u00a0 \u00a0 \u00a0 \u00a0 \u00a0 \u00a0 \u00a0 \u00a0 \u00a0 \u00a0 \u00a0 \u00a0 \u00a0 \u00a0 Une certaine complicit\u00e9 entre\u00a0musique et textile ? Cette id\u00e9e, a priori incongrue, m\u2019est apparue&#46;&#46;&#46;","og_url":"https:\/\/www.etoffe.com\/blog\/2024\/05\/le-bemberg-une-melodie-sans-lharmonie\/","og_site_name":"Blog","article_published_time":"2024-05-01T13:25:00+00:00","article_modified_time":"2024-04-30T14:06:41+00:00","og_image":[{"width":800,"height":600,"url":"https:\/\/www.etoffe.com\/blog\/wp-content\/uploads\/2024\/04\/0990_Cupro_GG_1_resized__19009.jpg","type":"image\/jpeg"}],"author":"Catherine GOLDMAN","twitter_card":"summary_large_image","twitter_misc":{"\u00c9crit par":"Catherine GOLDMAN","Dur\u00e9e de lecture estim\u00e9e":"13 minutes"},"schema":{"@context":"https:\/\/schema.org","@graph":[{"@type":"Article","@id":"https:\/\/www.etoffe.com\/blog\/2024\/05\/le-bemberg-une-melodie-sans-lharmonie\/#article","isPartOf":{"@id":"https:\/\/www.etoffe.com\/blog\/2024\/05\/le-bemberg-une-melodie-sans-lharmonie\/"},"author":{"name":"Catherine GOLDMAN","@id":"https:\/\/www.etoffe.com\/blog\/#\/schema\/person\/a68df4c05f9de1d186ff6134f640a77e"},"headline":"LE BEMBERG\u00ae, UNE MELODIE SANS L\u2019HARMONIE","datePublished":"2024-05-01T13:25:00+00:00","dateModified":"2024-04-30T14:06:41+00:00","mainEntityOfPage":{"@id":"https:\/\/www.etoffe.com\/blog\/2024\/05\/le-bemberg-une-melodie-sans-lharmonie\/"},"wordCount":2559,"commentCount":0,"publisher":{"@id":"https:\/\/www.etoffe.com\/blog\/#organization"},"articleSection":["Non classifi\u00e9(e)"],"inLanguage":"fr-FR","potentialAction":[{"@type":"CommentAction","name":"Comment","target":["https:\/\/www.etoffe.com\/blog\/2024\/05\/le-bemberg-une-melodie-sans-lharmonie\/#respond"]}]},{"@type":"WebPage","@id":"https:\/\/www.etoffe.com\/blog\/2024\/05\/le-bemberg-une-melodie-sans-lharmonie\/","url":"https:\/\/www.etoffe.com\/blog\/2024\/05\/le-bemberg-une-melodie-sans-lharmonie\/","name":"LE BEMBERG\u00ae, UNE MELODIE SANS L\u2019HARMONIE - Blog","isPartOf":{"@id":"https:\/\/www.etoffe.com\/blog\/#website"},"datePublished":"2024-05-01T13:25:00+00:00","dateModified":"2024-04-30T14:06:41+00:00","breadcrumb":{"@id":"https:\/\/www.etoffe.com\/blog\/2024\/05\/le-bemberg-une-melodie-sans-lharmonie\/#breadcrumb"},"inLanguage":"fr-FR","potentialAction":[{"@type":"ReadAction","target":["https:\/\/www.etoffe.com\/blog\/2024\/05\/le-bemberg-une-melodie-sans-lharmonie\/"]}]},{"@type":"BreadcrumbList","@id":"https:\/\/www.etoffe.com\/blog\/2024\/05\/le-bemberg-une-melodie-sans-lharmonie\/#breadcrumb","itemListElement":[{"@type":"ListItem","position":1,"name":"Accueil","item":"https:\/\/www.etoffe.com\/blog\/"},{"@type":"ListItem","position":2,"name":"LE BEMBERG\u00ae, UNE MELODIE SANS L\u2019HARMONIE"}]},{"@type":"WebSite","@id":"https:\/\/www.etoffe.com\/blog\/#website","url":"https:\/\/www.etoffe.com\/blog\/","name":"Blog","description":"Etoffe.com","publisher":{"@id":"https:\/\/www.etoffe.com\/blog\/#organization"},"potentialAction":[{"@type":"SearchAction","target":{"@type":"EntryPoint","urlTemplate":"https:\/\/www.etoffe.com\/blog\/?s={search_term_string}"},"query-input":"required name=search_term_string"}],"inLanguage":"fr-FR"},{"@type":"Organization","@id":"https:\/\/www.etoffe.com\/blog\/#organization","name":"Blog","url":"https:\/\/www.etoffe.com\/blog\/","logo":{"@type":"ImageObject","inLanguage":"fr-FR","@id":"https:\/\/www.etoffe.com\/blog\/#\/schema\/logo\/image\/","url":"https:\/\/www.etoffe.com\/blog\/wp-content\/uploads\/2020\/04\/logo-2.png","contentUrl":"https:\/\/www.etoffe.com\/blog\/wp-content\/uploads\/2020\/04\/logo-2.png","width":462,"height":153,"caption":"Blog"},"image":{"@id":"https:\/\/www.etoffe.com\/blog\/#\/schema\/logo\/image\/"}},{"@type":"Person","@id":"https:\/\/www.etoffe.com\/blog\/#\/schema\/person\/a68df4c05f9de1d186ff6134f640a77e","name":"Catherine GOLDMAN","image":{"@type":"ImageObject","inLanguage":"fr-FR","@id":"https:\/\/www.etoffe.com\/blog\/#\/schema\/person\/image\/","url":"https:\/\/secure.gravatar.com\/avatar\/a099426b4b424255eee0b848a122edfa?s=96&d=mm&r=g","contentUrl":"https:\/\/secure.gravatar.com\/avatar\/a099426b4b424255eee0b848a122edfa?s=96&d=mm&r=g","caption":"Catherine GOLDMAN"},"description":"Ecrire, c\u2019est un peu tisser\u00a0: les lettres, en un certain ordre assembl\u00e9es, forment des mots qui mis bout \u00e0 bout, deviennent des textes. Les brins de fibres textiles maintenus ensemble par torsion forment des fils qui, en un certain ordre entrelac\u00e9s, deviennent des tissus\u2026Textile et texte, un t\u00eate \u00e0 t\u00eate o\u00f9 toute ressemblance n\u2019est pas fortuite. Il est des civilisations qui transmettent leur culture par l\u2019\u00e9criture, d\u2019autres par la parole, d\u2019autres encore, par la parole \u00e9crite avec un fil. Entre le tissu et moi, c\u2019est une histoire de famille. Quatre g\u00e9n\u00e9rations et quatre mani\u00e8res diff\u00e9rentes de tisser des liens interg\u00e9n\u00e9rationnels entre les \u00e9toffes et les \u00ab\u00a0textilophiles\u00a0\u00bb. Apr\u00e8s ma formation \u00e0 l\u2019Ecole du Louvre et un passage dans les mus\u00e9es nationaux, j\u2019ai d\u00e9couvert les coulisses des \u00e9toffes. Avec d\u00e9lice, je me suis gliss\u00e9e dans des flots de taffetas, avec patience j\u2019ai gravi des montagnes de mousseline, avec curiosit\u00e9 j\u2019ai enjamb\u00e9 des rivi\u00e8res de tweed, pendant plus de 35 ans, au sein de la soci\u00e9t\u00e9 De gilles Tissus et toujours avec la m\u00eame \u00e9motion. J\u2019eus l\u2019occasion d\u2019admirer le savoir-faire des costumiers qui habillent, d\u00e9guisent, costument, travestissent les com\u00e9diens, acteurs, danseurs, clowns, chanteurs, pour le plus grand plaisir des spectateurs. J\u2019ai aim\u00e9 travailler avec les d\u00e9corateurs d\u2019int\u00e9rieurs toujours \u00e0 la recherche du Graal pour leurs clients. Du lange au linceul, le tissu nous accompagne, il partage nos jours et nos nuits. Et pourtant, il reste un inconnu ! Parler chiffon peut parfois sembler futile, mais au-del\u00e0 des mots, tissu, textile, \u00e9toffe, dentelle, feutre, tapisserie ou encore broderie, il est un univers qui gagne \u00e0 \u00eatre connu. Ainsi, au fil des ans les \u00e9toffes sont devenues des amies que j\u2019ai plaisir \u00e0 vous pr\u00e9senter chaque mois sur ce blog de mani\u00e8re p\u00e9dagogique et ludique. Je vous souhaite une belle lecture.","url":"https:\/\/www.etoffe.com\/blog\/author\/degillestissus\/"}]}},"_links":{"self":[{"href":"https:\/\/www.etoffe.com\/blog\/wp-json\/wp\/v2\/posts\/7427"}],"collection":[{"href":"https:\/\/www.etoffe.com\/blog\/wp-json\/wp\/v2\/posts"}],"about":[{"href":"https:\/\/www.etoffe.com\/blog\/wp-json\/wp\/v2\/types\/post"}],"author":[{"embeddable":true,"href":"https:\/\/www.etoffe.com\/blog\/wp-json\/wp\/v2\/users\/15"}],"replies":[{"embeddable":true,"href":"https:\/\/www.etoffe.com\/blog\/wp-json\/wp\/v2\/comments?post=7427"}],"version-history":[{"count":1,"href":"https:\/\/www.etoffe.com\/blog\/wp-json\/wp\/v2\/posts\/7427\/revisions"}],"predecessor-version":[{"id":7468,"href":"https:\/\/www.etoffe.com\/blog\/wp-json\/wp\/v2\/posts\/7427\/revisions\/7468"}],"wp:featuredmedia":[{"embeddable":true,"href":"https:\/\/www.etoffe.com\/blog\/wp-json\/wp\/v2\/media\/7434"}],"wp:attachment":[{"href":"https:\/\/www.etoffe.com\/blog\/wp-json\/wp\/v2\/media?parent=7427"}],"wp:term":[{"taxonomy":"category","embeddable":true,"href":"https:\/\/www.etoffe.com\/blog\/wp-json\/wp\/v2\/categories?post=7427"},{"taxonomy":"post_tag","embeddable":true,"href":"https:\/\/www.etoffe.com\/blog\/wp-json\/wp\/v2\/tags?post=7427"}],"curies":[{"name":"wp","href":"https:\/\/api.w.org\/{rel}","templated":true}]}}